
{"id":3143,"date":"2021-03-03T17:06:58","date_gmt":"2021-03-03T16:06:58","guid":{"rendered":"https:\/\/www.jugend-im-kz.de\/?p=3143"},"modified":"2022-05-31T11:58:31","modified_gmt":"2022-05-31T10:58:31","slug":"violence-hunger-illness-death","status":"publish","type":"post","link":"https:\/\/www.jugend-im-kz.de\/en\/violence-hunger-illness-death\/","title":{"rendered":"VIOLENCE<br\/> HUNGER<br\/> ILLNESS<br\/> DEATH"},"content":{"rendered":"<section class=\"wpb-content-wrapper\"><p>[vc_row row_height_percent=&#8221;0&#8243; override_padding=&#8221;yes&#8221; h_padding=&#8221;3&#8243; top_padding=&#8221;3&#8243; bottom_padding=&#8221;2&#8243; overlay_alpha=&#8221;50&#8243; gutter_size=&#8221;3&#8243; column_width_percent=&#8221;100&#8243; shift_y=&#8221;0&#8243; z_index=&#8221;0&#8243; el_class=&#8221;postflow&#8221;][vc_column width=&#8221;2\/12&#8243;][\/vc_column][vc_column width=&#8221;8\/12&#8243;][vc_column_text text_lead=&#8221;yes&#8221; uncode_shortcode_id=&#8221;197979&#8243;]All contact with the camp SS was marked by violence. Hunger was a constant companion of the children and adolescents in the concentration camp. The catastrophic hygienic conditions led to an accumulation of diseases from which there was hardly any protection.<\/p>\n<p>The children and adolescents lived in constant fear of death. They watched many people, including friends and relatives, die. Not only were they backward in their physical development due to hunger and diseases, they were also robbed of their childhood.[\/vc_column_text][\/vc_column][vc_column width=&#8221;2\/12&#8243;][\/vc_column][\/vc_row][vc_row row_height_percent=&#8221;0&#8243; override_padding=&#8221;yes&#8221; h_padding=&#8221;3&#8243; top_padding=&#8221;3&#8243; bottom_padding=&#8221;2&#8243; overlay_alpha=&#8221;50&#8243; gutter_size=&#8221;3&#8243; column_width_percent=&#8221;100&#8243; shift_y=&#8221;0&#8243; z_index=&#8221;0&#8243; inverted_device_order=&#8221;yes&#8221; el_class=&#8221;postflow wechsel&#8221;][vc_column width=&#8221;1\/1&#8243;][vc_row_inner row_inner_height_percent=&#8221;0&#8243; overlay_alpha=&#8221;50&#8243; gutter_size=&#8221;3&#8243; shift_y=&#8221;0&#8243; z_index=&#8221;0&#8243;][vc_column_inner column_width_percent=&#8221;100&#8243; gutter_size=&#8221;3&#8243; overlay_alpha=&#8221;50&#8243; shift_x=&#8221;0&#8243; shift_y=&#8221;0&#8243; shift_y_down=&#8221;0&#8243; z_index=&#8221;0&#8243; medium_width=&#8221;0&#8243; mobile_width=&#8221;0&#8243; width=&#8221;2\/12&#8243; el_class=&#8221;smallcolumn&#8221;][\/vc_column_inner][vc_column_inner column_width_percent=&#8221;100&#8243; position_vertical=&#8221;bottom&#8221; gutter_size=&#8221;3&#8243; overlay_alpha=&#8221;50&#8243; shift_x=&#8221;0&#8243; shift_y=&#8221;0&#8243; shift_y_down=&#8221;0&#8243; z_index=&#8221;0&#8243; medium_width=&#8221;0&#8243; mobile_width=&#8221;0&#8243; width=&#8221;8\/12&#8243;][vc_raw_html]JTVCdmlkZW8lMjBpZCUzRCUyNzMyODMlMjclNUQ=[\/vc_raw_html][\/vc_column_inner][vc_column_inner width=&#8221;2\/12&#8243;][\/vc_column_inner][\/vc_row_inner][vc_row_inner row_inner_height_percent=&#8221;0&#8243; overlay_alpha=&#8221;50&#8243; gutter_size=&#8221;3&#8243; shift_y=&#8221;0&#8243; z_index=&#8221;0&#8243;][vc_column_inner column_width_percent=&#8221;100&#8243; gutter_size=&#8221;3&#8243; overlay_alpha=&#8221;50&#8243; shift_x=&#8221;0&#8243; shift_y=&#8221;0&#8243; shift_y_down=&#8221;0&#8243; z_index=&#8221;0&#8243; medium_width=&#8221;0&#8243; mobile_width=&#8221;0&#8243; width=&#8221;7\/12&#8243; el_class=&#8221;smallcolumn&#8221;][\/vc_column_inner][vc_column_inner column_width_percent=&#8221;100&#8243; position_vertical=&#8221;bottom&#8221; gutter_size=&#8221;3&#8243; overlay_alpha=&#8221;50&#8243; shift_x=&#8221;0&#8243; shift_y=&#8221;0&#8243; shift_y_down=&#8221;0&#8243; z_index=&#8221;0&#8243; medium_width=&#8221;0&#8243; mobile_width=&#8221;0&#8243; width=&#8221;4\/12&#8243;][vc_custom_heading text_color=&#8221;color-145932&#8243; heading_semantic=&#8221;h4&#8243; text_size=&#8221;h4&#8243; text_height=&#8221;&#8221; uncode_shortcode_id=&#8221;168886&#8243; text_color_type=&#8221;uncode-palette&#8221;]Gert Silberbard in an interview with David P. Boder in Geneva, August 27, 1946.[\/vc_custom_heading][vc_column_text uncode_shortcode_id=&#8221;369798&#8243;]<\/p>\n<p class=\"p1\">At the age of 16, Gert Silberbard was deported from Auschwitz to Buchenwald. In 1946, he vividly recalled being deprived of food and water after arriving at the Little Camp.<\/p>\n<p>[\/vc_column_text][vc_column_text text_lead=&#8221;small&#8221; uncode_shortcode_id=&#8221;144263&#8243;](\u201e<a class=\"ext\" href=\"https:\/\/voices.library.iit.edu\/interview\/silberbartG\" target=\"_blank\" rel=\"noopener\">Voices of the Holocaust<\/a>\u201c, Illinois Institute of Technology)[\/vc_column_text][\/vc_column_inner][vc_column_inner width=&#8221;1\/12&#8243;][\/vc_column_inner][\/vc_row_inner][\/vc_column][\/vc_row][vc_row row_height_percent=&#8221;0&#8243; override_padding=&#8221;yes&#8221; h_padding=&#8221;3&#8243; top_padding=&#8221;3&#8243; bottom_padding=&#8221;2&#8243; overlay_alpha=&#8221;50&#8243; gutter_size=&#8221;3&#8243; column_width_percent=&#8221;100&#8243; shift_y=&#8221;0&#8243; z_index=&#8221;0&#8243; inverted_device_order=&#8221;yes&#8221; el_class=&#8221;postflow wechsel&#8221;][vc_column width=&#8221;1\/1&#8243;][vc_row_inner row_inner_height_percent=&#8221;0&#8243; overlay_alpha=&#8221;50&#8243; gutter_size=&#8221;3&#8243; shift_y=&#8221;0&#8243; z_index=&#8221;0&#8243;][vc_column_inner column_width_percent=&#8221;100&#8243; gutter_size=&#8221;3&#8243; overlay_alpha=&#8221;50&#8243; shift_x=&#8221;0&#8243; shift_y=&#8221;0&#8243; shift_y_down=&#8221;0&#8243; z_index=&#8221;0&#8243; medium_width=&#8221;0&#8243; mobile_width=&#8221;0&#8243; width=&#8221;2\/12&#8243; el_class=&#8221;smallcolumn&#8221;][\/vc_column_inner][vc_column_inner column_width_percent=&#8221;100&#8243; position_vertical=&#8221;bottom&#8221; gutter_size=&#8221;1&#8243; override_padding=&#8221;yes&#8221; column_padding=&#8221;3&#8243; back_color=&#8221;color-185715&#8243; overlay_alpha=&#8221;50&#8243; shift_x=&#8221;0&#8243; shift_y=&#8221;0&#8243; shift_y_down=&#8221;0&#8243; z_index=&#8221;0&#8243; medium_width=&#8221;0&#8243; mobile_width=&#8221;0&#8243; width=&#8221;8\/12&#8243;][vc_custom_heading text_color=&#8221;color-jevc&#8221; heading_semantic=&#8221;h4&#8243; text_size=&#8221;h4&#8243; text_transform=&#8221;uppercase&#8221; text_height=&#8221;&#8221; uncode_shortcode_id=&#8221;963908&#8243; text_color_type=&#8221;uncode-palette&#8221;]MEALS FOR AN ENTIRE WORKDAY[\/vc_custom_heading][vc_empty_space empty_h=&#8221;2&#8243;][vc_custom_heading text_color=&#8221;color-jevc&#8221; heading_semantic=&#8221;h4&#8243; text_size=&#8221;h4&#8243; text_height=&#8221;&#8221; uncode_shortcode_id=&#8221;519885&#8243; text_color_type=&#8221;uncode-palette&#8221;]8 a.m. &#8211; First breakfast[\/vc_custom_heading][vc_custom_heading text_color=&#8221;color-jevc&#8221; heading_semantic=&#8221;h4&#8243; text_font=&#8221;font-124191&#8243; text_height=&#8221;&#8221; uncode_shortcode_id=&#8221;656684&#8243; text_color_type=&#8221;uncode-palette&#8221;]1 glass of hot milk with butter and honey<br \/>\nRoll with butter and ham<br \/>\nRoll with honey<br \/>\nRoll with jam or with something else[\/vc_custom_heading][vc_empty_space empty_h=&#8221;1&#8243;][vc_custom_heading text_color=&#8221;color-jevc&#8221; heading_semantic=&#8221;h4&#8243; text_size=&#8221;h4&#8243; text_height=&#8221;&#8221; uncode_shortcode_id=&#8221;557551&#8243; text_color_type=&#8221;uncode-palette&#8221;]11 o&#8217;clock &#8211; Second breakfast[\/vc_custom_heading][vc_custom_heading text_color=&#8221;color-jevc&#8221; heading_semantic=&#8221;h4&#8243; text_font=&#8221;font-124191&#8243; text_height=&#8221;&#8221; uncode_shortcode_id=&#8221;423307&#8243; text_color_type=&#8221;uncode-palette&#8221;]Pancakes with ham and scrambled eggs, rolled in breadcrumbs and fried in butter<br \/>\nNoodles au gratin with eggs, honey<br \/>\nand melted butter with rice fritters<br \/>\nNoodles with apples, butter and rolls[\/vc_custom_heading][vc_empty_space empty_h=&#8221;1&#8243;][vc_custom_heading text_color=&#8221;color-jevc&#8221; heading_semantic=&#8221;h4&#8243; text_size=&#8221;h4&#8243; text_height=&#8221;&#8221; uncode_shortcode_id=&#8221;799197&#8243; text_color_type=&#8221;uncode-palette&#8221;]2 o&#8217;clock &#8211; Lunch[\/vc_custom_heading][vc_custom_heading text_color=&#8221;color-jevc&#8221; heading_semantic=&#8221;h4&#8243; text_font=&#8221;font-124191&#8243; text_height=&#8221;&#8221; uncode_shortcode_id=&#8221;120171&#8243; text_color_type=&#8221;uncode-palette&#8221;]Clear soup (barley soup) made of chicken broth and breadcrumbs<br \/>\nor with fat dumplings<br \/>\nStuffed beef with potatoes and paprika sauce<br \/>\nItalian pasta casserole with smoked sausage and tomatoes<br \/>\nPierogi with liver<br \/>\nDessert of semolina pudding with vanilla sauce<br \/>\nFruit dessert, pudding from millet groats with jam<br \/>\nA glass of eggnog[\/vc_custom_heading][vc_empty_space empty_h=&#8221;1&#8243;][vc_custom_heading text_color=&#8221;color-jevc&#8221; heading_semantic=&#8221;h4&#8243; text_size=&#8221;h4&#8243; text_height=&#8221;&#8221; uncode_shortcode_id=&#8221;807132&#8243; text_color_type=&#8221;uncode-palette&#8221;]17 o&#8217;clock &#8211; Supper[\/vc_custom_heading][vc_custom_heading text_color=&#8221;color-jevc&#8221; heading_semantic=&#8221;h4&#8243; text_font=&#8221;font-124191&#8243; text_height=&#8221;&#8221; uncode_shortcode_id=&#8221;791197&#8243; text_color_type=&#8221;uncode-palette&#8221;]Asparagus in tomato sauce<br \/>\nCauliflower fritters<br \/>\nSp\u00e4tzle with butter and rolls<br \/>\nStuffed peppers with tomato sauce<br \/>\nPotato pancakes with cream[\/vc_custom_heading][vc_empty_space empty_h=&#8221;1&#8243;][vc_custom_heading text_color=&#8221;color-jevc&#8221; heading_semantic=&#8221;h4&#8243; text_font=&#8221;font-124191&#8243; text_height=&#8221;&#8221; uncode_shortcode_id=&#8221;759630&#8243; text_color_type=&#8221;uncode-palette&#8221;]The menu is unfinished. THERE\u2019S AN ALARM AGAIN![\/vc_custom_heading][\/vc_column_inner][vc_column_inner width=&#8221;2\/12&#8243;][\/vc_column_inner][\/vc_row_inner][vc_row_inner row_inner_height_percent=&#8221;0&#8243; overlay_alpha=&#8221;50&#8243; gutter_size=&#8221;3&#8243; shift_y=&#8221;0&#8243; z_index=&#8221;0&#8243;][vc_column_inner column_width_percent=&#8221;100&#8243; gutter_size=&#8221;3&#8243; overlay_alpha=&#8221;50&#8243; shift_x=&#8221;0&#8243; shift_y=&#8221;0&#8243; shift_y_down=&#8221;0&#8243; z_index=&#8221;0&#8243; medium_width=&#8221;0&#8243; mobile_width=&#8221;0&#8243; width=&#8221;7\/12&#8243; el_class=&#8221;smallcolumn&#8221;][\/vc_column_inner][vc_column_inner column_width_percent=&#8221;100&#8243; position_vertical=&#8221;bottom&#8221; gutter_size=&#8221;3&#8243; overlay_alpha=&#8221;50&#8243; shift_x=&#8221;0&#8243; shift_y=&#8221;0&#8243; shift_y_down=&#8221;0&#8243; z_index=&#8221;0&#8243; medium_width=&#8221;0&#8243; mobile_width=&#8221;0&#8243; width=&#8221;4\/12&#8243;][vc_custom_heading text_color=&#8221;color-145932&#8243; heading_semantic=&#8221;h4&#8243; text_size=&#8221;h4&#8243; text_height=&#8221;&#8221; uncode_shortcode_id=&#8221;150759&#8243; text_color_type=&#8221;uncode-palette&#8221;]Dream menu for a whole working day by Maria Brz\u0119cka, December 1944.[\/vc_custom_heading][vc_column_text uncode_shortcode_id=&#8221;729671&#8243;]<a href=\"https:\/\/www.jugend-im-kz.de\/en\/maria-janina-kosk\/\">Maria Brz\u0119cka<\/a>, then 14 years old, put together her dream menu for when she was freed from the Meuselwitz labor camp. However, she could not remember the taste of most of the dishes and asked the women in her quarters to describe them to her. She couldn\u2019t finish her list because of an air raid alert.[\/vc_column_text][vc_column_text text_lead=&#8221;small&#8221; uncode_shortcode_id=&#8221;371359&#8243;](Als M\u00e4dchen im KZ Meuselwitz. Erinnerungen von Maria Brz\u0119cka-Kosk, Dresden 2016)[\/vc_column_text][\/vc_column_inner][vc_column_inner width=&#8221;1\/12&#8243;][\/vc_column_inner][\/vc_row_inner][\/vc_column][\/vc_row][vc_row row_height_percent=&#8221;0&#8243; override_padding=&#8221;yes&#8221; h_padding=&#8221;3&#8243; top_padding=&#8221;3&#8243; bottom_padding=&#8221;0&#8243; overlay_alpha=&#8221;50&#8243; gutter_size=&#8221;3&#8243; column_width_percent=&#8221;100&#8243; shift_y=&#8221;0&#8243; z_index=&#8221;0&#8243; el_class=&#8221;postflow&#8221;][vc_column width=&#8221;2\/12&#8243;][\/vc_column][vc_column column_width_percent=&#8221;100&#8243; gutter_size=&#8221;3&#8243; overlay_alpha=&#8221;50&#8243; shift_x=&#8221;0&#8243; shift_y=&#8221;0&#8243; shift_y_down=&#8221;0&#8243; z_index=&#8221;0&#8243; medium_width=&#8221;0&#8243; mobile_width=&#8221;0&#8243; width=&#8221;6\/12&#8243;][vc_single_image media=&#8221;1667&#8243; media_lightbox=&#8221;yes&#8221; media_width_percent=&#8221;100&#8243; lbox_caption=&#8221;yes&#8221;][\/vc_column][vc_column column_width_percent=&#8221;100&#8243; position_vertical=&#8221;bottom&#8221; gutter_size=&#8221;3&#8243; overlay_alpha=&#8221;50&#8243; shift_x=&#8221;0&#8243; shift_y=&#8221;0&#8243; shift_y_down=&#8221;0&#8243; z_index=&#8221;0&#8243; medium_width=&#8221;0&#8243; mobile_width=&#8221;0&#8243; width=&#8221;4\/12&#8243;][\/vc_column][\/vc_row][vc_row row_height_percent=&#8221;0&#8243; override_padding=&#8221;yes&#8221; h_padding=&#8221;3&#8243; top_padding=&#8221;2&#8243; bottom_padding=&#8221;0&#8243; overlay_alpha=&#8221;50&#8243; gutter_size=&#8221;3&#8243; column_width_percent=&#8221;100&#8243; shift_y=&#8221;0&#8243; z_index=&#8221;0&#8243; el_class=&#8221;postflow&#8221;][vc_column width=&#8221;1\/12&#8243;][\/vc_column][vc_column column_width_percent=&#8221;100&#8243; gutter_size=&#8221;3&#8243; overlay_alpha=&#8221;50&#8243; shift_x=&#8221;0&#8243; shift_y=&#8221;0&#8243; shift_y_down=&#8221;0&#8243; z_index=&#8221;0&#8243; medium_width=&#8221;0&#8243; mobile_width=&#8221;0&#8243; width=&#8221;4\/12&#8243;][vc_custom_heading text_color=&#8221;color-145932&#8243; heading_semantic=&#8221;h4&#8243; text_size=&#8221;h4&#8243; text_height=&#8221;&#8221; uncode_shortcode_id=&#8221;154527&#8243; text_color_type=&#8221;uncode-palette&#8221;]In contrast to the dream menu: water soup in the labor camp. Drawing by Maria Brz\u0119cka, 1945.[\/vc_custom_heading][vc_column_text uncode_shortcode_id=&#8221;820620&#8243;]Every day, the only food on the menu was some bread for breakfast and a watery soup for supper. Hunger was a constant companion.[\/vc_column_text][vc_column_text text_lead=&#8221;small&#8221; uncode_shortcode_id=&#8221;133121&#8243;](Buchenwald Memorial)[\/vc_column_text][vc_empty_space empty_h=&#8221;2&#8243;][\/vc_column][vc_column column_width_percent=&#8221;100&#8243; position_vertical=&#8221;bottom&#8221; gutter_size=&#8221;3&#8243; overlay_alpha=&#8221;50&#8243; shift_x=&#8221;0&#8243; shift_y=&#8221;0&#8243; shift_y_down=&#8221;0&#8243; z_index=&#8221;0&#8243; medium_width=&#8221;0&#8243; mobile_width=&#8221;0&#8243; width=&#8221;1\/12&#8243;][\/vc_column][vc_column width=&#8221;5\/12&#8243;][vc_single_image media=&#8221;1563&#8243; media_lightbox=&#8221;yes&#8221; media_width_percent=&#8221;100&#8243; lbox_caption=&#8221;yes&#8221;][\/vc_column][vc_column width=&#8221;1\/12&#8243;][\/vc_column][\/vc_row][vc_row row_height_percent=&#8221;0&#8243; override_padding=&#8221;yes&#8221; h_padding=&#8221;3&#8243; top_padding=&#8221;2&#8243; bottom_padding=&#8221;4&#8243; overlay_alpha=&#8221;50&#8243; gutter_size=&#8221;3&#8243; column_width_percent=&#8221;100&#8243; shift_y=&#8221;0&#8243; z_index=&#8221;0&#8243; el_class=&#8221;postflow&#8221;][vc_column width=&#8221;5\/12&#8243;][\/vc_column][vc_column column_width_percent=&#8221;100&#8243; gutter_size=&#8221;3&#8243; overlay_alpha=&#8221;50&#8243; shift_x=&#8221;0&#8243; shift_y=&#8221;0&#8243; shift_y_down=&#8221;0&#8243; z_index=&#8221;0&#8243; medium_width=&#8221;0&#8243; mobile_width=&#8221;0&#8243; width=&#8221;4\/12&#8243;][vc_custom_heading text_color=&#8221;color-145932&#8243; heading_semantic=&#8221;h4&#8243; text_size=&#8221;h4&#8243; text_height=&#8221;&#8221; uncode_shortcode_id=&#8221;139040&#8243; text_color_type=&#8221;uncode-palette&#8221;]&#8221;This is what we ate.&#8221; Drawing by Thomas Geve, 1945.[\/vc_custom_heading][vc_column_text uncode_shortcode_id=&#8221;192209&#8243;]In his drawing, the 16-year-old compared the food rations in Auschwitz and Buchenwald, where he was liberated on 11 April 1945.[\/vc_column_text][vc_column_text text_lead=&#8221;small&#8221; uncode_shortcode_id=&#8221;166133&#8243;](Yad Vashem)[\/vc_column_text][\/vc_column][vc_column column_width_percent=&#8221;100&#8243; position_vertical=&#8221;bottom&#8221; gutter_size=&#8221;3&#8243; overlay_alpha=&#8221;50&#8243; shift_x=&#8221;0&#8243; shift_y=&#8221;0&#8243; shift_y_down=&#8221;0&#8243; z_index=&#8221;0&#8243; medium_width=&#8221;0&#8243; mobile_width=&#8221;0&#8243; width=&#8221;3\/12&#8243;][\/vc_column][\/vc_row][vc_row row_height_percent=&#8221;0&#8243; override_padding=&#8221;yes&#8221; h_padding=&#8221;3&#8243; top_padding=&#8221;0&#8243; bottom_padding=&#8221;3&#8243; back_color=&#8221;color-710287&#8243; overlay_alpha=&#8221;50&#8243; gutter_size=&#8221;3&#8243; column_width_percent=&#8221;100&#8243; shift_y=&#8221;0&#8243; z_index=&#8221;0&#8243; el_class=&#8221;postflow&#8221;][vc_column column_width_percent=&#8221;100&#8243; gutter_size=&#8221;3&#8243; overlay_alpha=&#8221;50&#8243; shift_x=&#8221;0&#8243; shift_y=&#8221;0&#8243; shift_y_down=&#8221;0&#8243; z_index=&#8221;0&#8243; medium_width=&#8221;0&#8243; mobile_width=&#8221;0&#8243; width=&#8221;1\/1&#8243;][vc_row_inner row_inner_height_percent=&#8221;0&#8243; overlay_alpha=&#8221;50&#8243; gutter_size=&#8221;3&#8243; shift_y=&#8221;0&#8243; z_index=&#8221;0&#8243;][vc_column_inner column_width_percent=&#8221;100&#8243; position_vertical=&#8221;middle&#8221; gutter_size=&#8221;3&#8243; override_padding=&#8221;yes&#8221; column_padding=&#8221;2&#8243; overlay_alpha=&#8221;50&#8243; shift_x=&#8221;0&#8243; shift_y=&#8221;0&#8243; shift_y_down=&#8221;0&#8243; z_index=&#8221;0&#8243; medium_width=&#8221;0&#8243; mobile_visibility=&#8221;yes&#8221; mobile_width=&#8221;0&#8243; width=&#8221;1\/12&#8243;][\/vc_column_inner][vc_column_inner width=&#8221;10\/12&#8243;][vc_empty_space empty_h=&#8221;2&#8243;][vc_custom_heading text_color=&#8221;color-jevc&#8221; heading_semantic=&#8221;h3&#8243; text_font=&#8221;font-124191&#8243; text_size=&#8221;fontsize-212371&#8243; text_height=&#8221;&#8221; uncode_shortcode_id=&#8221;755010&#8243; text_color_type=&#8221;uncode-palette&#8221;]&#8221;So we handled heavy, toxic raw materials, picked everything up without protective gloves, no protective masks or aprons were required for us, we breathed in all the poisons and stood up to our knees in saltpeter. The locals called us &#8220;lemons&#8221; because our skin was so discolored.&#8221;[\/vc_custom_heading][\/vc_column_inner][vc_column_inner width=&#8221;1\/12&#8243;][\/vc_column_inner][\/vc_row_inner][\/vc_column][\/vc_row][vc_row row_height_percent=&#8221;0&#8243; override_padding=&#8221;yes&#8221; h_padding=&#8221;3&#8243; top_padding=&#8221;2&#8243; bottom_padding=&#8221;0&#8243; overlay_alpha=&#8221;50&#8243; gutter_size=&#8221;3&#8243; column_width_percent=&#8221;100&#8243; shift_y=&#8221;0&#8243; z_index=&#8221;0&#8243; el_class=&#8221;postflow&#8221;][vc_column column_width_percent=&#8221;100&#8243; gutter_size=&#8221;3&#8243; overlay_alpha=&#8221;50&#8243; shift_x=&#8221;0&#8243; shift_y=&#8221;0&#8243; shift_y_down=&#8221;0&#8243; z_index=&#8221;0&#8243; medium_width=&#8221;0&#8243; mobile_width=&#8221;0&#8243; width=&#8221;5\/12&#8243;][vc_custom_heading text_color=&#8221;color-145932&#8243; heading_semantic=&#8221;h4&#8243; text_size=&#8221;h4&#8243; text_height=&#8221;&#8221; uncode_shortcode_id=&#8221;110254&#8243; text_color_type=&#8221;uncode-palette&#8221;]\u00c9va Pusztai-Fahidi recalls the deadly working conditions, 2011.[\/vc_custom_heading][vc_column_text uncode_shortcode_id=&#8221;138000&#8243;]\u00c9va Fahidi, who was deported from Hungary as a teenager, was a forced laborer in the M\u00fcnchm\u00fchle subcamp. The working conditions in the munitions factory were murderous, and the prisoners could not protect themselves from hazardous substances because there was no protective clothing for them.[\/vc_column_text][vc_column_text text_lead=&#8221;small&#8221; uncode_shortcode_id=&#8221;420420&#8243;](\u00c9va Fahidi, The Soul of Things, University of Toronto Press, 2020)[\/vc_column_text][\/vc_column][vc_column column_width_percent=&#8221;100&#8243; gutter_size=&#8221;3&#8243; overlay_alpha=&#8221;50&#8243; shift_x=&#8221;0&#8243; shift_y=&#8221;0&#8243; shift_y_down=&#8221;0&#8243; z_index=&#8221;0&#8243; medium_width=&#8221;0&#8243; mobile_width=&#8221;0&#8243; width=&#8221;7\/12&#8243;][\/vc_column][\/vc_row][vc_row row_height_percent=&#8221;0&#8243; override_padding=&#8221;yes&#8221; h_padding=&#8221;3&#8243; top_padding=&#8221;3&#8243; bottom_padding=&#8221;3&#8243; overlay_alpha=&#8221;50&#8243; gutter_size=&#8221;3&#8243; column_width_percent=&#8221;100&#8243; shift_y=&#8221;0&#8243; z_index=&#8221;0&#8243; inverted_device_order=&#8221;yes&#8221; el_class=&#8221;postflow&#8221;][vc_column column_width_percent=&#8221;100&#8243; position_vertical=&#8221;middle&#8221; gutter_size=&#8221;3&#8243; overlay_alpha=&#8221;50&#8243; shift_x=&#8221;0&#8243; shift_y=&#8221;0&#8243; shift_y_down=&#8221;0&#8243; z_index=&#8221;0&#8243; medium_width=&#8221;0&#8243; mobile_width=&#8221;0&#8243; width=&#8221;4\/12&#8243;][vc_row_inner row_inner_height_percent=&#8221;0&#8243; overlay_alpha=&#8221;50&#8243; equal_height=&#8221;yes&#8221; gutter_size=&#8221;3&#8243; shift_y=&#8221;0&#8243; z_index=&#8221;0&#8243;][vc_column_inner column_width_percent=&#8221;100&#8243; position_vertical=&#8221;bottom&#8221; gutter_size=&#8221;3&#8243; overlay_alpha=&#8221;50&#8243; shift_x=&#8221;0&#8243; shift_y=&#8221;0&#8243; shift_y_down=&#8221;0&#8243; z_index=&#8221;0&#8243; medium_width=&#8221;0&#8243; mobile_width=&#8221;0&#8243; width=&#8221;1\/2&#8243;][vc_empty_space empty_h=&#8221;2&#8243;][vc_custom_heading text_color=&#8221;color-145932&#8243; heading_semantic=&#8221;h4&#8243; text_size=&#8221;h4&#8243; text_height=&#8221;&#8221; uncode_shortcode_id=&#8221;642076&#8243; text_color_type=&#8221;uncode-palette&#8221;]Tanguy Tolila-Croissant, ca. 1943.[\/vc_custom_heading][vc_column_text text_lead=&#8221;small&#8221;](Comission Dora-Ellrich)[\/vc_column_text][\/vc_column_inner][vc_column_inner column_width_percent=&#8221;100&#8243; gutter_size=&#8221;3&#8243; overlay_alpha=&#8221;50&#8243; shift_x=&#8221;0&#8243; shift_y=&#8221;0&#8243; shift_y_down=&#8221;0&#8243; z_index=&#8221;0&#8243; medium_width=&#8221;0&#8243; mobile_width=&#8221;0&#8243; width=&#8221;1\/2&#8243;][vc_single_image media=&#8221;1576&#8243; media_lightbox=&#8221;yes&#8221; media_width_percent=&#8221;100&#8243; lbox_caption=&#8221;yes&#8221;][\/vc_column_inner][\/vc_row_inner][\/vc_column][vc_column width=&#8221;8\/12&#8243;][vc_row_inner][vc_column_inner width=&#8221;10\/12&#8243;][vc_single_image media=&#8221;1575&#8243; media_lightbox=&#8221;yes&#8221; media_width_percent=&#8221;100&#8243; lbox_caption=&#8221;yes&#8221;][\/vc_column_inner][vc_column_inner width=&#8221;2\/12&#8243;][\/vc_column_inner][\/vc_row_inner][vc_row_inner][vc_column_inner width=&#8221;9\/12&#8243;][vc_custom_heading text_color=&#8221;color-145932&#8243; heading_semantic=&#8221;h4&#8243; text_size=&#8221;h4&#8243; text_height=&#8221;&#8221; uncode_shortcode_id=&#8221;172184&#8243; text_color_type=&#8221;uncode-palette&#8221;]Plaster fresco from a barracks in the Ellrich-Juliush\u00fctte subcamp, made by Tanguy Tolila-Croissant in the fall of 1944.[\/vc_custom_heading][vc_column_text uncode_shortcode_id=&#8221;133151&#8243;]Tanguy Tolila-Croissant was born in Paris on 16 October 1925. He began studying art at the \u00c9cole Nationale Sup\u00e9rieure des Beaux Arts in Paris in 1942. In June 1944, he was arrested for resisting the German occupiers and deported to the Buchenwald Concentration Camp in August, then to Ellrich-Juliush\u00fctte. There, he frescoed the walls in his block. Many similar pictures created by him have survived from the time before his arrest &#8211; with one difference: never is a dead tree to be seen. Tolila-Croissant died on 30 December 1944, at the age of 19.[\/vc_column_text][vc_column_text text_lead=&#8221;small&#8221; uncode_shortcode_id=&#8221;882276&#8243;](German Historical Museum)[\/vc_column_text][vc_empty_space empty_h=&#8221;3&#8243;][\/vc_column_inner][vc_column_inner width=&#8221;3\/12&#8243;][\/vc_column_inner][\/vc_row_inner][\/vc_column][\/vc_row][vc_row][vc_column width=&#8221;1\/1&#8243;][uncode_block id=&#8221;1024&#8243;][\/vc_column][\/vc_row]<\/p>\n<\/section>","protected":false},"excerpt":{"rendered":"<p>[vc_row row_height_percent=&#8221;0&#8243; override_padding=&#8221;yes&#8221; h_padding=&#8221;3&#8243; top_padding=&#8221;3&#8243; bottom_padding=&#8221;2&#8243; overlay_alpha=&#8221;50&#8243; gutter_size=&#8221;3&#8243; column_width_percent=&#8221;100&#8243; shift_y=&#8221;0&#8243; z_index=&#8221;0&#8243; el_class=&#8221;postflow&#8221;][vc_column width=&#8221;2\/12&#8243;][\/vc_column][vc_column width=&#8221;8\/12&#8243;][vc_column_text text_lead=&#8221;yes&#8221; uncode_shortcode_id=&#8221;197979&#8243;]All contact with the camp [&hellip;]<\/p>\n","protected":false},"author":1,"featured_media":0,"comment_status":"closed","ping_status":"open","sticky":false,"template":"","format":"standard","meta":{"footnotes":""},"categories":[46],"tags":[],"_links":{"self":[{"href":"https:\/\/www.jugend-im-kz.de\/en\/wp-json\/wp\/v2\/posts\/3143"}],"collection":[{"href":"https:\/\/www.jugend-im-kz.de\/en\/wp-json\/wp\/v2\/posts"}],"about":[{"href":"https:\/\/www.jugend-im-kz.de\/en\/wp-json\/wp\/v2\/types\/post"}],"author":[{"embeddable":true,"href":"https:\/\/www.jugend-im-kz.de\/en\/wp-json\/wp\/v2\/users\/1"}],"replies":[{"embeddable":true,"href":"https:\/\/www.jugend-im-kz.de\/en\/wp-json\/wp\/v2\/comments?post=3143"}],"version-history":[{"count":0,"href":"https:\/\/www.jugend-im-kz.de\/en\/wp-json\/wp\/v2\/posts\/3143\/revisions"}],"wp:attachment":[{"href":"https:\/\/www.jugend-im-kz.de\/en\/wp-json\/wp\/v2\/media?parent=3143"}],"wp:term":[{"taxonomy":"category","embeddable":true,"href":"https:\/\/www.jugend-im-kz.de\/en\/wp-json\/wp\/v2\/categories?post=3143"},{"taxonomy":"post_tag","embeddable":true,"href":"https:\/\/www.jugend-im-kz.de\/en\/wp-json\/wp\/v2\/tags?post=3143"}],"curies":[{"name":"wp","href":"https:\/\/api.w.org\/{rel}","templated":true}]}}