
{"id":2948,"date":"2021-03-10T19:43:41","date_gmt":"2021-03-10T18:43:41","guid":{"rendered":"https:\/\/www.jugend-im-kz.de\/?p=2948"},"modified":"2022-05-31T11:10:12","modified_gmt":"2022-05-31T10:10:12","slug":"excluded-persecuted-murdered","status":"publish","type":"post","link":"https:\/\/www.jugend-im-kz.de\/en\/excluded-persecuted-murdered\/","title":{"rendered":"Excluded &#8211; Persecuted &#8211; Murdered"},"content":{"rendered":"<section class=\"wpb-content-wrapper\"><p>[vc_row row_height_percent=&#8221;0&#8243; override_padding=&#8221;yes&#8221; h_padding=&#8221;3&#8243; top_padding=&#8221;3&#8243; bottom_padding=&#8221;2&#8243; overlay_alpha=&#8221;50&#8243; gutter_size=&#8221;3&#8243; column_width_percent=&#8221;100&#8243; shift_y=&#8221;0&#8243; z_index=&#8221;0&#8243; el_class=&#8221;postflow&#8221;][vc_column width=&#8221;2\/12&#8243;][\/vc_column][vc_column width=&#8221;8\/12&#8243;][vc_custom_heading auto_text=&#8221;yes&#8221; text_color=&#8221;color-791926&#8243; heading_semantic=&#8221;h1&#8243; text_size=&#8221;fontsize-978791&#8243; text_height=&#8221;&#8221;]This is a custom heading element.[\/vc_custom_heading][vc_column_text text_lead=&#8221;yes&#8221; uncode_shortcode_id=&#8221;636089&#8243;]Children of <em>Gemeinschaftsfremden<\/em> (lit.: strangers to the community, those people who were not considered to be part of the <em>Volksgemeinschaft<\/em>) were marginalized and persecuted in the Nazi state. The National Socialists killed thousands of disabled boys and girls in euthanasia institutions. 1.5 million Jewish children and teenagers as well as an unknown number of young Sinti and Roma perished. They died in ghettos and camps as a result of hunger, violence and forced labor, were shot by death squads or suffocated in gas chambers.<\/p>\n<p>Many children from the Soviet Union and Poland were brought to Germany, sometimes with their parents, for forced labor. The minimum age for foreign civilian workers was lowered further and further during the war. Tens of thousands of babies born to foreign forced laborers died in German custody.<\/p>\n<p>Young people in Germany also had to reckon with persecution if they managed to evade the total grip of the state. Tens of thousands were sent to youth concentration camps after having been classified as members of oppositional youth groups or as \u201cdifficult.\u201d[\/vc_column_text][\/vc_column][vc_column width=&#8221;2\/12&#8243;][\/vc_column][\/vc_row][vc_row row_height_percent=&#8221;0&#8243; override_padding=&#8221;yes&#8221; h_padding=&#8221;3&#8243; top_padding=&#8221;3&#8243; bottom_padding=&#8221;2&#8243; overlay_alpha=&#8221;50&#8243; gutter_size=&#8221;3&#8243; column_width_percent=&#8221;100&#8243; shift_y=&#8221;0&#8243; z_index=&#8221;0&#8243; el_class=&#8221;postflow&#8221;][vc_column width=&#8221;1\/1&#8243;][vc_row_inner][vc_column_inner width=&#8221;6\/12&#8243;][\/vc_column_inner][vc_column_inner width=&#8221;3\/12&#8243;][vc_single_image media=&#8221;656&#8243; media_lightbox=&#8221;yes&#8221; media_width_percent=&#8221;100&#8243; lbox_caption=&#8221;yes&#8221;][\/vc_column_inner][vc_column_inner width=&#8221;2\/12&#8243;][\/vc_column_inner][\/vc_row_inner][vc_row_inner][vc_column_inner width=&#8221;5\/12&#8243;][\/vc_column_inner][vc_column_inner width=&#8221;4\/12&#8243;][vc_custom_heading heading_semantic=&#8221;h4&#8243; text_size=&#8221;h4&#8243; text_height=&#8221;&#8221; uncode_shortcode_id=&#8221;167293&#8243;]9-year-old Jewish schoolgirl Alice Rosenthal was forced to pose giving the Hitler salute for her school photo in Wiesbaden, 1934.[\/vc_custom_heading][vc_column_text uncode_shortcode_id=&#8221;133923&#8243;]After the handover of power to the National Socialists in 1933, Jewish students were still allowed to attend public schools. After the pogroms in November 1938, they were forbidden to do so.[\/vc_column_text][vc_column_text text_lead=&#8221;small&#8221;](United States Holocaust Memorial Museum) [\/vc_column_text][\/vc_column_inner][vc_column_inner width=&#8221;3\/12&#8243;][\/vc_column_inner][\/vc_row_inner][\/vc_column][\/vc_row][vc_row row_height_percent=&#8221;0&#8243; override_padding=&#8221;yes&#8221; h_padding=&#8221;3&#8243; top_padding=&#8221;3&#8243; bottom_padding=&#8221;2&#8243; overlay_alpha=&#8221;50&#8243; gutter_size=&#8221;3&#8243; column_width_percent=&#8221;100&#8243; shift_y=&#8221;0&#8243; z_index=&#8221;0&#8243; el_class=&#8221;postflow&#8221;][vc_column width=&#8221;1\/1&#8243;][vc_row_inner][vc_column_inner width=&#8221;2\/12&#8243;][\/vc_column_inner][vc_column_inner width=&#8221;6\/12&#8243;][vc_single_image media=&#8221;591&#8243; media_lightbox=&#8221;yes&#8221; media_width_percent=&#8221;100&#8243; lbox_caption=&#8221;yes&#8221;][vc_empty_space empty_h=&#8221;2&#8243;][\/vc_column_inner][vc_column_inner width=&#8221;3\/12&#8243;][vc_custom_heading heading_semantic=&#8221;h4&#8243; text_size=&#8221;h4&#8243; text_height=&#8221;&#8221; uncode_shortcode_id=&#8221;205780&#8243;]Humiliation of Jewish boys in front of their non-Jewish classmates in a Viennese school, 1938.[\/vc_custom_heading][vc_column_text uncode_shortcode_id=&#8221;917656&#8243;]On the blackboard is written: &#8220;The Jew is our greatest enemy! &#8211; Beware of the Jew!&#8221; Beginning in 1938, Jewish children were no longer allowed to attend public schools in the German Reich, which included Austria.[\/vc_column_text][vc_column_text text_lead=&#8221;small&#8221;](bpk)[\/vc_column_text][\/vc_column_inner][vc_column_inner width=&#8221;1\/12&#8243;][\/vc_column_inner][\/vc_row_inner][\/vc_column][\/vc_row][vc_row row_height_percent=&#8221;0&#8243; override_padding=&#8221;yes&#8221; h_padding=&#8221;3&#8243; top_padding=&#8221;3&#8243; bottom_padding=&#8221;2&#8243; overlay_alpha=&#8221;50&#8243; gutter_size=&#8221;3&#8243; column_width_percent=&#8221;100&#8243; shift_y=&#8221;0&#8243; z_index=&#8221;0&#8243; inverted_device_order=&#8221;yes&#8221; el_class=&#8221;postflow wechsel&#8221;][vc_column width=&#8221;1\/1&#8243;][vc_row_inner row_inner_height_percent=&#8221;0&#8243; overlay_alpha=&#8221;50&#8243; gutter_size=&#8221;3&#8243; shift_y=&#8221;0&#8243; z_index=&#8221;0&#8243;][vc_column_inner column_width_percent=&#8221;100&#8243; gutter_size=&#8221;3&#8243; overlay_alpha=&#8221;50&#8243; shift_x=&#8221;0&#8243; shift_y=&#8221;0&#8243; shift_y_down=&#8221;0&#8243; z_index=&#8221;0&#8243; medium_width=&#8221;0&#8243; mobile_width=&#8221;0&#8243; width=&#8221;5\/12&#8243; el_class=&#8221;smallcolumn&#8221; css=&#8221;.vc_custom_1615565668500{padding-left: 8em !important;}&#8221;][vc_custom_heading heading_semantic=&#8221;h4&#8243; text_size=&#8221;h4&#8243; text_height=&#8221;&#8221; uncode_shortcode_id=&#8221;111068&#8243;]Men of the SS lead away Jewish women and children after the suppression of the Warsaw Ghetto Uprising, May 16, 1943.[\/vc_custom_heading][vc_column_text uncode_shortcode_id=&#8221;328379&#8243;]Presumably, almost none of the people taken away survived. It was long believed that the boy with his hands up was Zvi Nussbaum (1935-2012), a survivor of the Bergen-Belsen Concentration Camp. Recent research suggests that may not be the case.[\/vc_column_text][vc_column_text text_lead=&#8221;small&#8221;](bpk)[\/vc_column_text][\/vc_column_inner][vc_column_inner column_width_percent=&#8221;100&#8243; gutter_size=&#8221;3&#8243; overlay_alpha=&#8221;50&#8243; shift_x=&#8221;0&#8243; shift_y=&#8221;0&#8243; shift_y_down=&#8221;0&#8243; z_index=&#8221;0&#8243; medium_width=&#8221;0&#8243; mobile_width=&#8221;0&#8243; width=&#8221;7\/12&#8243; css=&#8221;.vc_custom_1615565714617{padding-right: 4em !important;}&#8221;][vc_single_image media=&#8221;580&#8243; media_lightbox=&#8221;yes&#8221; media_width_percent=&#8221;100&#8243; lbox_caption=&#8221;yes&#8221;][vc_empty_space empty_h=&#8221;2&#8243;][\/vc_column_inner][\/vc_row_inner][\/vc_column][\/vc_row][vc_row row_height_percent=&#8221;0&#8243; override_padding=&#8221;yes&#8221; h_padding=&#8221;3&#8243; top_padding=&#8221;3&#8243; bottom_padding=&#8221;2&#8243; overlay_alpha=&#8221;50&#8243; gutter_size=&#8221;3&#8243; column_width_percent=&#8221;100&#8243; shift_y=&#8221;0&#8243; z_index=&#8221;0&#8243; el_class=&#8221;postflow wechsel&#8221;][vc_column width=&#8221;1\/1&#8243;][vc_row_inner][vc_column_inner width=&#8221;7\/12&#8243;][vc_single_image media=&#8221;657&#8243; media_lightbox=&#8221;yes&#8221; media_width_percent=&#8221;100&#8243; lbox_caption=&#8221;yes&#8221;][vc_empty_space empty_h=&#8221;2&#8243;][\/vc_column_inner][vc_column_inner width=&#8221;4\/12&#8243;][vc_custom_heading heading_semantic=&#8221;h4&#8243; text_size=&#8221;h4&#8243; text_height=&#8221;&#8221; uncode_shortcode_id=&#8221;213500&#8243;]Arrival of a transport train at the ramp of the Auschwitz-Birkenau Concentration Camp, May 1944.[\/vc_custom_heading][vc_column_text uncode_shortcode_id=&#8221;199067&#8243;]In 1944, the SS deported over 400,000 Jews from Hungary to Auschwitz, including many children. At the train ramp, SS doctors deemed most of the children unfit for work and sent them to the gas chambers. Some managed to pass themselves off as older to avoid certain immediate death. Several thousand children were transferred to other concentration camps, including Buchenwald and Mittelbau-Dora.<\/p>\n<p>The photo is from an SS album.[\/vc_column_text][vc_column_text text_lead=&#8221;small&#8221;](Yad Vashem)[\/vc_column_text][\/vc_column_inner][vc_column_inner width=&#8221;1\/12&#8243;][\/vc_column_inner][\/vc_row_inner][\/vc_column][\/vc_row][vc_row row_height_percent=&#8221;0&#8243; override_padding=&#8221;yes&#8221; h_padding=&#8221;3&#8243; top_padding=&#8221;3&#8243; bottom_padding=&#8221;2&#8243; overlay_alpha=&#8221;50&#8243; gutter_size=&#8221;3&#8243; column_width_percent=&#8221;100&#8243; shift_y=&#8221;0&#8243; z_index=&#8221;0&#8243; inverted_device_order=&#8221;yes&#8221; el_class=&#8221;postflow wechsel&#8221;][vc_column width=&#8221;1\/1&#8243;][vc_row_inner][vc_column_inner width=&#8221;4\/12&#8243;][\/vc_column_inner][vc_column_inner width=&#8221;5\/12&#8243;][vc_single_image media=&#8221;582&#8243; media_lightbox=&#8221;yes&#8221; media_width_percent=&#8221;100&#8243; lbox_caption=&#8221;yes&#8221;][\/vc_column_inner][vc_column_inner width=&#8221;3\/12&#8243;][\/vc_column_inner][\/vc_row_inner][vc_row_inner row_inner_height_percent=&#8221;0&#8243; overlay_alpha=&#8221;50&#8243; gutter_size=&#8221;3&#8243; shift_y=&#8221;0&#8243; z_index=&#8221;0&#8243;][vc_column_inner width=&#8221;7\/12&#8243;][\/vc_column_inner][vc_column_inner width=&#8221;4\/12&#8243;][vc_custom_heading heading_semantic=&#8221;h4&#8243; text_size=&#8221;h4&#8243; text_height=&#8221;&#8221; uncode_shortcode_id=&#8221;304121&#8243;]Sinti and Roma in the Belzec labor camp, 1940.[\/vc_custom_heading][vc_column_text uncode_shortcode_id=&#8221;144094&#8243;]In the spring of 1940, Sinti and Roma who had been deported from the German Reich were imprisoned in the camp in occupied Poland. They were transferred to another camp in May 1940. Later, the SS used the Be\u0142\u017cec site as an extermination camp for Jews.[\/vc_column_text][vc_column_text text_lead=&#8221;small&#8221;](akg-images \/ Fototeca Gilardi)[\/vc_column_text][\/vc_column_inner][vc_column_inner width=&#8221;1\/12&#8243;][vc_empty_space empty_h=&#8221;3&#8243;][\/vc_column_inner][\/vc_row_inner][vc_row_inner row_inner_height_percent=&#8221;0&#8243; overlay_alpha=&#8221;50&#8243; gutter_size=&#8221;3&#8243; shift_y=&#8221;0&#8243; z_index=&#8221;0&#8243;][vc_column_inner column_width_percent=&#8221;100&#8243; gutter_size=&#8221;3&#8243; overlay_alpha=&#8221;50&#8243; shift_x=&#8221;0&#8243; shift_y=&#8221;-5&#8243; shift_y_down=&#8221;0&#8243; z_index=&#8221;0&#8243; medium_width=&#8221;0&#8243; mobile_width=&#8221;0&#8243; width=&#8221;7\/12&#8243;][vc_single_image media=&#8221;583&#8243; media_lightbox=&#8221;yes&#8221; media_width_percent=&#8221;100&#8243; lbox_caption=&#8221;yes&#8221;][\/vc_column_inner][vc_column_inner width=&#8221;5\/12&#8243;][\/vc_column_inner][\/vc_row_inner][vc_row_inner][vc_column_inner width=&#8221;3\/12&#8243;][\/vc_column_inner][vc_column_inner width=&#8221;4\/12&#8243;][vc_custom_heading heading_semantic=&#8221;h4&#8243; text_size=&#8221;h4&#8243; text_height=&#8221;&#8221; uncode_shortcode_id=&#8221;508434&#8243;]Removal of children from the Antonius children\u2019s home in Fulda, 21 July 1937.[\/vc_custom_heading][vc_column_text uncode_shortcode_id=&#8221;155738&#8243;]43 children with disabilities were moved to a home in Treysa (Hesse). About half of them were later murdered in the Hadamar euthanasia institute. The other children survived thanks to a nurse\u2019s rescue efforts.[\/vc_column_text][vc_column_text text_lead=&#8221;small&#8221;](Antonius gGmbH, Fulda)[\/vc_column_text][\/vc_column_inner][vc_column_inner width=&#8221;4\/12&#8243;][vc_empty_space empty_h=&#8221;2&#8243;][vc_single_image media=&#8221;584&#8243; media_lightbox=&#8221;yes&#8221; media_width_percent=&#8221;100&#8243; lbox_caption=&#8221;yes&#8221;][vc_custom_heading heading_semantic=&#8221;h4&#8243; text_size=&#8221;h4&#8243; text_height=&#8221;&#8221; uncode_shortcode_id=&#8221;434274&#8243;]ID photo on Jan Farion\u2019s work card, 1943.[\/vc_custom_heading][vc_column_text uncode_shortcode_id=&#8221;102639&#8243;]The 7-year-old Polish boy was a forced laborer on a farm near Aachen. In total, nearly one million foreign children and teenagers were brought into the German Reich as forced laborers.[\/vc_column_text][vc_column_text text_lead=&#8221;small&#8221;](Stiftung \u201ePolnisch-Deutsche Auss\u00f6hnung\u201c) [\/vc_column_text][\/vc_column_inner][vc_column_inner width=&#8221;1\/12&#8243;][\/vc_column_inner][\/vc_row_inner][\/vc_column][\/vc_row][vc_row row_height_percent=&#8221;0&#8243; override_padding=&#8221;yes&#8221; h_padding=&#8221;3&#8243; top_padding=&#8221;3&#8243; bottom_padding=&#8221;2&#8243; overlay_alpha=&#8221;50&#8243; gutter_size=&#8221;3&#8243; column_width_percent=&#8221;100&#8243; shift_y=&#8221;0&#8243; z_index=&#8221;0&#8243; el_class=&#8221;postflow&#8221;][vc_column column_width_percent=&#8221;100&#8243; gutter_size=&#8221;3&#8243; overlay_alpha=&#8221;50&#8243; shift_x=&#8221;0&#8243; shift_y=&#8221;0&#8243; shift_y_down=&#8221;0&#8243; z_index=&#8221;0&#8243; medium_width=&#8221;0&#8243; mobile_width=&#8221;0&#8243; width=&#8221;1\/1&#8243;][vc_row_inner][vc_column_inner width=&#8221;2\/12&#8243;][\/vc_column_inner][vc_column_inner width=&#8221;7\/12&#8243;][vc_single_image media=&#8221;585&#8243; media_lightbox=&#8221;yes&#8221; media_width_percent=&#8221;100&#8243; lbox_caption=&#8221;yes&#8221; el_class=&#8221;schatten&#8221;][\/vc_column_inner][vc_column_inner width=&#8221;3\/12&#8243;][\/vc_column_inner][\/vc_row_inner][vc_row_inner][vc_column_inner width=&#8221;1\/12&#8243;][\/vc_column_inner][vc_column_inner width=&#8221;5\/12&#8243;][vc_custom_heading heading_semantic=&#8221;h4&#8243; text_size=&#8221;h4&#8243; text_height=&#8221;&#8221; uncode_shortcode_id=&#8221;352441&#8243;]Invoice for the transport of infant corpses, 30 November 1944.[\/vc_custom_heading][vc_column_text uncode_shortcode_id=&#8221;124904&#8243;]The children born to foreign forced laborers died in a \u201cforeign children\u2019s care institution\u201d run by the Volkswagen plant. In total, several ten-thousands of foreign children starved to death in such homes between 1943 and 1945. This document from R\u00fchen, near Wolfsberg, served as evidence in a British war crimes trial.[\/vc_column_text][vc_column_text text_lead=&#8221;small&#8221;](The National Archives, London) [\/vc_column_text][vc_empty_space empty_h=&#8221;2&#8243;][\/vc_column_inner][vc_column_inner width=&#8221;6\/12&#8243;][\/vc_column_inner][\/vc_row_inner][vc_row_inner][vc_column_inner width=&#8221;1\/12&#8243;][\/vc_column_inner][vc_column_inner width=&#8221;5\/12&#8243;][\/vc_column_inner][vc_column_inner width=&#8221;1\/12&#8243;][\/vc_column_inner][vc_column_inner column_width_percent=&#8221;100&#8243; gutter_size=&#8221;3&#8243; overlay_alpha=&#8221;50&#8243; shift_x=&#8221;0&#8243; shift_y=&#8221;-5&#8243; shift_y_down=&#8221;0&#8243; z_index=&#8221;0&#8243; medium_width=&#8221;0&#8243; mobile_width=&#8221;0&#8243; width=&#8221;5\/12&#8243;][vc_single_image media=&#8221;658&#8243; media_lightbox=&#8221;yes&#8221; media_width_percent=&#8221;100&#8243; lbox_caption=&#8221;yes&#8221;][\/vc_column_inner][\/vc_row_inner][vc_row_inner][vc_column_inner width=&#8221;1\/12&#8243;][\/vc_column_inner][vc_column_inner width=&#8221;5\/12&#8243;][\/vc_column_inner][vc_column_inner width=&#8221;5\/12&#8243;][vc_custom_heading heading_semantic=&#8221;h4&#8243; text_size=&#8221;h4&#8243; text_height=&#8221;&#8221; uncode_shortcode_id=&#8221;151095&#8243;]ID photo of an unknown boy in the Kinder KZ Litzmannstadt (\u0141\u00f3d\u017a), November 1943.[\/vc_custom_heading][vc_column_text uncode_shortcode_id=&#8221;319468&#8243;]Between 1942 and 1945, more than 10,000 Polish children and teenagers up to the age of 16 were imprisoned in this camp in annexed western Poland. They had been arrested as relatives of resistance fighters, for neglect or theft of food. There were concentration camps for German children in Moringen and in Ravensbr\u00fcck.[\/vc_column_text][vc_column_text text_lead=&#8221;small&#8221;](Zukunft braucht Erinnerung)[\/vc_column_text][\/vc_column_inner][vc_column_inner width=&#8221;1\/12&#8243;][\/vc_column_inner][\/vc_row_inner][\/vc_column][\/vc_row][vc_row row_height_percent=&#8221;0&#8243; override_padding=&#8221;yes&#8221; h_padding=&#8221;3&#8243; top_padding=&#8221;3&#8243; bottom_padding=&#8221;2&#8243; overlay_alpha=&#8221;50&#8243; gutter_size=&#8221;3&#8243; column_width_percent=&#8221;100&#8243; shift_y=&#8221;0&#8243; z_index=&#8221;0&#8243; el_class=&#8221;postflow&#8221;][vc_column width=&#8221;1\/1&#8243;][vc_row_inner row_inner_height_percent=&#8221;0&#8243; back_color=&#8221;color-164604&#8243; overlay_alpha=&#8221;50&#8243; gutter_size=&#8221;3&#8243; shift_y=&#8221;0&#8243; z_index=&#8221;0&#8243;][vc_column_inner column_width_percent=&#8221;100&#8243; gutter_size=&#8221;3&#8243; override_padding=&#8221;yes&#8221; column_padding=&#8221;3&#8243; overlay_alpha=&#8221;50&#8243; shift_x=&#8221;0&#8243; shift_y=&#8221;0&#8243; shift_y_down=&#8221;0&#8243; z_index=&#8221;0&#8243; medium_width=&#8221;0&#8243; mobile_width=&#8221;0&#8243; width=&#8221;1\/1&#8243;][vc_empty_space empty_h=&#8221;1&#8243;][vc_custom_heading text_color=&#8221;color-791926&#8243; heading_semantic=&#8221;h3&#8243; text_font=&#8221;font-124191&#8243; text_size=&#8221;fontsize-212371&#8243; text_height=&#8221;&#8221; uncode_shortcode_id=&#8221;356835&#8243; text_color_type=&#8221;uncode-palette&#8221;]&#8221;All ringleaders [&#8230;] are to be sent to a concentration camp. There the young people must first of all be beaten and then be drilled harshly and made to work [&#8230;] The stay in the concentration camp for these youth must be a longer one, 2-3 years. It must be clear that they will never be allowed to attend university again [&#8230;] Only if we take brutal action will we be able to avoid the dangerous spread of this Anglophile tendency at a time when Germany is fighting for its existence [&#8230;] I ask that this action be carried out in agreement with the Gauleiters and the Higher SS and police leaders.<br \/>\n<em>Heil Hitler Ihr H. H.&#8221;<\/em>[\/vc_custom_heading][vc_empty_space empty_h=&#8221;1&#8243;][\/vc_column_inner][\/vc_row_inner][vc_row_inner][vc_column_inner width=&#8221;5\/12&#8243;][vc_custom_heading heading_semantic=&#8221;h4&#8243; text_size=&#8221;h4&#8243; text_height=&#8221;&#8221; uncode_shortcode_id=&#8221;120135&#8243;]Swing Kids to concentration camp: excerpt from Heinrich Himmler&#8217;s letter, 26 January 1942.[\/vc_custom_heading][vc_column_text uncode_shortcode_id=&#8221;209041&#8243;]The Swing Kids were an oppositional youth movement represented in many major German cities. Swing did not conform to the ideas of National Socialist ideology and was considered degenerate music. SS chief Heinrich Himmler called for a police crackdown and for the young people to be sent to concentration camps.[\/vc_column_text][vc_column_text text_lead=&#8221;small&#8221;](Bundesarchiv)[\/vc_column_text][\/vc_column_inner][vc_column_inner width=&#8221;7\/12&#8243;][\/vc_column_inner][\/vc_row_inner][\/vc_column][\/vc_row][vc_row][vc_column width=&#8221;1\/1&#8243;][uncode_block id=&#8221;529&#8243;][\/vc_column][\/vc_row]<\/p>\n<\/section>","protected":false},"excerpt":{"rendered":"<p>Children of <i>Gemeinschaftsfremden<\/i> (lit.: strangers to the community, those people who were not considered to be part of the <i>Volksgemeinschaft<\/i>) were marginalized and persecuted in the Nazi state. The National Socialists killed thousands of disabled boys and girls in euthanasia institutions. <\/p>\n","protected":false},"author":1,"featured_media":169,"comment_status":"closed","ping_status":"open","sticky":false,"template":"","format":"standard","meta":{"footnotes":""},"categories":[50],"tags":[],"_links":{"self":[{"href":"https:\/\/www.jugend-im-kz.de\/en\/wp-json\/wp\/v2\/posts\/2948"}],"collection":[{"href":"https:\/\/www.jugend-im-kz.de\/en\/wp-json\/wp\/v2\/posts"}],"about":[{"href":"https:\/\/www.jugend-im-kz.de\/en\/wp-json\/wp\/v2\/types\/post"}],"author":[{"embeddable":true,"href":"https:\/\/www.jugend-im-kz.de\/en\/wp-json\/wp\/v2\/users\/1"}],"replies":[{"embeddable":true,"href":"https:\/\/www.jugend-im-kz.de\/en\/wp-json\/wp\/v2\/comments?post=2948"}],"version-history":[{"count":0,"href":"https:\/\/www.jugend-im-kz.de\/en\/wp-json\/wp\/v2\/posts\/2948\/revisions"}],"wp:featuredmedia":[{"embeddable":true,"href":"https:\/\/www.jugend-im-kz.de\/en\/wp-json\/wp\/v2\/media\/169"}],"wp:attachment":[{"href":"https:\/\/www.jugend-im-kz.de\/en\/wp-json\/wp\/v2\/media?parent=2948"}],"wp:term":[{"taxonomy":"category","embeddable":true,"href":"https:\/\/www.jugend-im-kz.de\/en\/wp-json\/wp\/v2\/categories?post=2948"},{"taxonomy":"post_tag","embeddable":true,"href":"https:\/\/www.jugend-im-kz.de\/en\/wp-json\/wp\/v2\/tags?post=2948"}],"curies":[{"name":"wp","href":"https:\/\/api.w.org\/{rel}","templated":true}]}}